[{"@context":"https:\/\/schema.org\/","@type":"Article","@id":"https:\/\/www.ywca.cz\/vzdyt-zeny-jsou-okrasou-svych-muzu\/#Article","mainEntityOfPage":"https:\/\/www.ywca.cz\/vzdyt-zeny-jsou-okrasou-svych-muzu\/","headline":"V\u017edy\u0165 \u017eeny jsou okrasou sv\u00fdch mu\u017e\u016f!","name":"V\u017edy\u0165 \u017eeny jsou okrasou sv\u00fdch mu\u017e\u016f!","description":"Skv\u011ble padnouc\u00ed kousky v\u00e1m jen tak nespadnou do kl\u00edna. Ani je nem\u016f\u017eete objevovat v hromadn\u00fdch tr\u017enic\u00edch. Chcete-li m\u00edt na sob\u011b takov\u00e9 oble\u010den\u00ed pro d\u00e1my, kter\u00e9 je skute\u010dn\u011b slu\u0161iv\u00e9, nezbude v\u00e1m nic jin\u00e9ho, ne\u017e se poohl\u00e9dnout i na internetov\u00fdch port\u00e1lech. Poj\u010fte tak zabloudit na ten n\u00e1\u0161 a nechte se okouzlit na\u0161imi inspirativn\u00edmi trendy pro leto\u0161n\u00ed jaro-l\u00e9to!...<p class=\"more-link-wrap\"><a href=\"https:\/\/www.ywca.cz\/vzdyt-zeny-jsou-okrasou-svych-muzu\/\" class=\"more-link\">P\u0159e\u010d\u00edst<span class=\"screen-reader-text\"> &ldquo;V\u017edy\u0165 \u017eeny jsou okrasou sv\u00fdch mu\u017e\u016f!&rdquo;<\/span> &raquo;<\/a><\/p>","datePublished":"2024-11-23","dateModified":"2024-11-23","author":{"@type":"Person","@id":"https:\/\/www.ywca.cz\/author\/#Person","name":"","url":"https:\/\/www.ywca.cz\/author\/","identifier":1,"image":{"@type":"ImageObject","@id":"https:\/\/secure.gravatar.com\/avatar\/774cfd57496a9f02284489749b4229073861faca9d8a66df7d65507a77c5d31f?s=96&d=mm&r=g","url":"https:\/\/secure.gravatar.com\/avatar\/774cfd57496a9f02284489749b4229073861faca9d8a66df7d65507a77c5d31f?s=96&d=mm&r=g","height":96,"width":96}},"publisher":{"@type":"Organization","name":"ywca.cz","logo":{"@type":"ImageObject","@id":"\/logo.png","url":"\/logo.png","width":600,"height":60}},"url":"https:\/\/www.ywca.cz\/vzdyt-zeny-jsou-okrasou-svych-muzu\/","wordCount":173,"articleBody":"Skv\u011ble padnouc\u00ed kousky v\u00e1m jen tak nespadnou do kl\u00edna. Ani je nem\u016f\u017eete objevovat v hromadn\u00fdch tr\u017enic\u00edch. Chcete-li m\u00edt na sob\u011b takov\u00e9 oble\u010den\u00ed pro d\u00e1my, kter\u00e9 je skute\u010dn\u011b slu\u0161iv\u00e9, nezbude v\u00e1m nic jin\u00e9ho, ne\u017e se poohl\u00e9dnout i na internetov\u00fdch port\u00e1lech. Poj\u010fte tak zabloudit na ten n\u00e1\u0161 a nechte se okouzlit na\u0161imi inspirativn\u00edmi trendy pro leto\u0161n\u00ed jaro-l\u00e9to!Nen\u00ed pot\u0159eba ze sv\u00e9ho \u0161atn\u00edku jen tak vyhazovatZ va\u0161eho \u0161atn\u00edku nen\u00ed v\u016fbec pot\u0159eba jen tak n\u011bco vyhazovat! V\u017edy\u0165 v\u00e1m moc sta\u010d\u00ed si ponechat skute\u010dn\u011b padnouc\u00ed v\u011bci a za p\u00e1r sez\u00f3n bude v\u0161e znovu v kurzu! Anebo si je m\u016f\u017eete lehce upravit nebo d\u00e1t k n\u011bjak\u00e9 \u0161vadlen\u011b a drobn\u00e1 \u00faprava od\u011bv\u016f v\u00e1s vyjde levn\u011bji, ne\u017e je d\u00e1vat za p\u00e1r korun do inzerce na prodej! S oble\u010den\u00edm to mus\u00edte um\u011bt!                                                                                                                                                                                                                                                                                                                                                                                                "},{"@context":"https:\/\/schema.org\/","@type":"BreadcrumbList","itemListElement":[{"@type":"ListItem","position":1,"name":"V\u017edy\u0165 \u017eeny jsou okrasou sv\u00fdch mu\u017e\u016f!","item":"https:\/\/www.ywca.cz\/vzdyt-zeny-jsou-okrasou-svych-muzu\/#breadcrumbitem"}]}]