[{"@context":"https:\/\/schema.org\/","@type":"Article","@id":"https:\/\/www.ywca.cz\/teploty-nebudou-zadnym-problemem\/#Article","mainEntityOfPage":"https:\/\/www.ywca.cz\/teploty-nebudou-zadnym-problemem\/","headline":"Teploty nebudou \u017e\u00e1dn\u00fdm probl\u00e9mem","name":"Teploty nebudou \u017e\u00e1dn\u00fdm probl\u00e9mem","description":"Pokud je panelov\u00fd d\u016fm nezapleten\u00fd, tak m\u016f\u017eeme bohu\u017eel velmi \u010dasto po\u010d\u00edtat s t\u00edm, \u017ee \u017eivot v n\u011bm nebude v\u016fbec tak pohodln\u00fd. Pokud toti\u017e v l\u00e9t\u011b bude velik\u00e9 horko, tak v\u00e1m ani klimatizace nepom\u016f\u017ee v tom, abyste se c\u00edtili l\u00e9pe. Naopak pokud bude chladn\u00e1 zima, tak ani siln\u00e9 topen\u00ed nebude tolik efektivn\u00ed. Jak tuto situaci ale...<p class=\"more-link-wrap\"><a href=\"https:\/\/www.ywca.cz\/teploty-nebudou-zadnym-problemem\/\" class=\"more-link\">P\u0159e\u010d\u00edst<span class=\"screen-reader-text\"> &ldquo;Teploty nebudou \u017e\u00e1dn\u00fdm probl\u00e9mem&rdquo;<\/span> &raquo;<\/a><\/p>","datePublished":"2024-10-23","dateModified":"2024-10-23","author":{"@type":"Person","@id":"https:\/\/www.ywca.cz\/author\/#Person","name":"","url":"https:\/\/www.ywca.cz\/author\/","identifier":1,"image":{"@type":"ImageObject","@id":"https:\/\/secure.gravatar.com\/avatar\/774cfd57496a9f02284489749b4229073861faca9d8a66df7d65507a77c5d31f?s=96&d=mm&r=g","url":"https:\/\/secure.gravatar.com\/avatar\/774cfd57496a9f02284489749b4229073861faca9d8a66df7d65507a77c5d31f?s=96&d=mm&r=g","height":96,"width":96}},"publisher":{"@type":"Organization","name":"ywca.cz","logo":{"@type":"ImageObject","@id":"\/logo.png","url":"\/logo.png","width":600,"height":60}},"url":"https:\/\/www.ywca.cz\/teploty-nebudou-zadnym-problemem\/","wordCount":210,"articleBody":"Pokud je panelov\u00fd d\u016fm nezapleten\u00fd, tak m\u016f\u017eeme bohu\u017eel velmi \u010dasto po\u010d\u00edtat s t\u00edm, \u017ee \u017eivot v n\u011bm nebude v\u016fbec tak pohodln\u00fd. Pokud toti\u017e v l\u00e9t\u011b bude velik\u00e9 horko, tak v\u00e1m ani klimatizace nepom\u016f\u017ee v tom, abyste se c\u00edtili l\u00e9pe. Naopak pokud bude chladn\u00e1 zima, tak ani siln\u00e9 topen\u00ed nebude tolik efektivn\u00ed. Jak tuto situaci ale napravit? Jak ud\u011blat bydlen\u00ed v panel\u00e1kov\u00e9m dom\u011b je\u0161t\u011b v\u00edce pohodln\u00e9 a hlavn\u011b \u00fatuln\u00e9, nez\u00e1visle na tom, jak\u00e1 je venku teplota? Rozhodn\u011b skv\u011blou volbou je v\u017edy mont\u00e1\u017e s\u00e1drokartonu, kter\u00e1 v\u017edy vede k zateplen\u00ed domu.\u00daspora bude velik\u00e1Skrze st\u011bny tedy ji\u017e nebude nikdy v\u00edce ut\u00edkat zbyte\u010dn\u011b teplo, kter\u00e9 naopak z\u016fstane ve va\u0161\u00ed m\u00edstnosti. Co to tedy v praxi znamen\u00e1? Tuto \u00fasporu pozn\u00e1te nejenom, co se t\u00fd\u010de va\u0161ich pocit\u016f, al hlavn\u011b na \u00fa\u010dtenk\u00e1ch. Nebudete tolik platit za topen\u00ed, co\u017e rozhodn\u011b ocen\u00edte. Jedn\u00e1 se toti\u017e o velikou \u00fasporu, kter\u00e1 se b\u011bhem roku rozhodn\u011b nast\u0159\u00e1d\u00e1. Nebojte se tedy rozhodnout pro mont\u00e1\u017e s\u00e1drokartonu, jak vid\u00edte, tak se v\u00e1m rozhodn\u011b vyplat\u00ed. \u00daspora nav\u00edc nen\u00ed pouze jedin\u00e1 v\u00fdhoda, kter\u00e1 v\u00e1s \u010dek\u00e1.                                                                                                                                                                                                                                                                                                                                                                                                "},{"@context":"https:\/\/schema.org\/","@type":"BreadcrumbList","itemListElement":[{"@type":"ListItem","position":1,"name":"Teploty nebudou \u017e\u00e1dn\u00fdm probl\u00e9mem","item":"https:\/\/www.ywca.cz\/teploty-nebudou-zadnym-problemem\/#breadcrumbitem"}]}]