[{"@context":"https:\/\/schema.org\/","@type":"Article","@id":"https:\/\/www.ywca.cz\/shanite-paruku\/#Article","mainEntityOfPage":"https:\/\/www.ywca.cz\/shanite-paruku\/","headline":"Sh\u00e1n\u00edte paruku?","name":"Sh\u00e1n\u00edte paruku?","description":"N\u011bkdy n\u00e1m na hlav\u011b nevyrostlo pr\u00e1v\u011b to, co bychom na n\u00ed cht\u011bli m\u00edt. A t\u00edm nemysl\u00edm man\u017eele nev\u011brn\u00fdch man\u017eelek a parohy, kter\u00e9 jim tyto nasadily. T\u00edm mysl\u00edm pochopiteln\u011b vlasy. Zat\u00edmco jsou lid\u00e9, kte\u0159\u00ed jsou s t\u011bmi sv\u00fdmi celo\u017eivotn\u011b spokojen\u00ed nebo kter\u00fdm je vlasov\u00e1 pokr\u00fdvka hlavy lhostejn\u00e1, jsou tu i ti, jim\u017e i na jejich vlasech...<p class=\"more-link-wrap\"><a href=\"https:\/\/www.ywca.cz\/shanite-paruku\/\" class=\"more-link\">P\u0159e\u010d\u00edst<span class=\"screen-reader-text\"> &ldquo;Sh\u00e1n\u00edte paruku?&rdquo;<\/span> &raquo;<\/a><\/p>","datePublished":"2024-09-15","dateModified":"2024-09-15","author":{"@type":"Person","@id":"https:\/\/www.ywca.cz\/author\/#Person","name":"","url":"https:\/\/www.ywca.cz\/author\/","identifier":1,"image":{"@type":"ImageObject","@id":"https:\/\/secure.gravatar.com\/avatar\/774cfd57496a9f02284489749b4229073861faca9d8a66df7d65507a77c5d31f?s=96&d=mm&r=g","url":"https:\/\/secure.gravatar.com\/avatar\/774cfd57496a9f02284489749b4229073861faca9d8a66df7d65507a77c5d31f?s=96&d=mm&r=g","height":96,"width":96}},"publisher":{"@type":"Organization","name":"ywca.cz","logo":{"@type":"ImageObject","@id":"\/logo.png","url":"\/logo.png","width":600,"height":60}},"image":{"@type":"ImageObject","@id":"https:\/\/www.ywca.cz\/wp-content\/uploads\/paaa_1.jpg","url":"https:\/\/www.ywca.cz\/wp-content\/uploads\/paaa_1.jpg","height":0,"width":0},"url":"https:\/\/www.ywca.cz\/shanite-paruku\/","about":["Spole\u010dnosti"],"wordCount":456,"articleBody":"            N\u011bkdy n\u00e1m na hlav\u011b nevyrostlo pr\u00e1v\u011b to, co bychom na n\u00ed cht\u011bli m\u00edt. A t\u00edm nemysl\u00edm man\u017eele nev\u011brn\u00fdch man\u017eelek a parohy, kter\u00e9 jim tyto nasadily. T\u00edm mysl\u00edm pochopiteln\u011b vlasy. Zat\u00edmco jsou lid\u00e9, kte\u0159\u00ed jsou s t\u011bmi sv\u00fdmi celo\u017eivotn\u011b spokojen\u00ed nebo kter\u00fdm je vlasov\u00e1 pokr\u00fdvka hlavy lhostejn\u00e1, jsou tu i ti, jim\u017e i na jejich vlasech z\u00e1le\u017e\u00ed. A nen\u00ed jich m\u00e1lo a nen\u00ed to z\u00e1le\u017eitost, kter\u00e1 by se dot\u00fdkala jenom \u017een, s \u010d\u00edm\u017e jsme se u n\u00e1s setk\u00e1vali ve vzd\u00e1len\u011bj\u0161\u00ed minulosti. Kdy\u017e dnes sh\u00e1n\u00edme paruku, abychom \u201azm\u011bnili \u00fa\u010des\u2018 nebo kompenzovali n\u011bjak\u00fd jin\u00fd nedostatek, kter\u00fd podle n\u00e1s porost hlavy m\u00e1, m\u016f\u017eeme pochopiteln\u011b zvolit lecjakou paruku.Od n\u011b\u010deho, co m\u00e1 k dokonalosti daleko a u \u010deho je u\u017e na prvn\u00ed pohled zjevn\u00e9, \u017ee n\u00e1m to nesed\u00ed a jde o n\u011bjakou um\u011blou n\u00e1hradu, a\u017e po skute\u010dn\u011b \u0161pi\u010dkovou kvalitu. Tak\u017ee mohou ti, kdo maj\u00ed vysok\u00e9 n\u00e1roky, uspokojit svou touhu po paruce t\u0159eba v\u00fdrobky firmy Natur Hair. A to je n\u011bco, na co se nemus\u00edme b\u00e1t vsadit. Je to cena za paruku, kter\u00e1 ur\u010dit\u011b nikoho nezruinuje, ale sou\u010dasn\u011b jde o skute\u010dn\u011b \u0161pi\u010dkov\u00e9 v\u00fdrobky, s nimi\u017e se d\u00e1 naprosto norm\u00e1ln\u011b a bez omezen\u00ed \u017e\u00edt. Nemus\u00edme se b\u00e1t toho, \u017ee n\u00e1s takov\u00e1 paruka zrad\u00ed, a to ani kdy\u017e t\u0159eba plaveme, pot\u00e1p\u00edme se, ly\u017eujeme nebo jezd\u00edme na kole. Vzhled paruk od t\u00e9to firmy je p\u0159irozen\u00fd a plastick\u00fd, a a\u0165 u\u017e se rozhodneme pro paruky nebo si po\u0159\u00edd\u00edme sp\u00ed\u0161e p\u0159\u00ed\u010desky nebo vlasov\u00e9 integrace, m\u016f\u017eeme b\u00fdt spokojen\u00ed.A jsme-li opravdu n\u00e1ro\u010dn\u00ed, m\u016f\u017eeme si tu nech\u00e1vat zhotovovat paruky i na zak\u00e1zku, p\u0159i \u010dem\u017e v\u00fdrobce akceptuje ve\u0161ker\u00e1 na\u0161e p\u0159\u00e1n\u00ed a\u017e do nejmen\u0161\u00edho detailu. Takov\u00e9 paruky se daj\u00ed zhotovit pro r\u016fzn\u011b velk\u00e9 hlavy r\u016fzn\u00e9ho tvaru, lze si zvolit hustotu, barvu i d\u00e9lku vlas\u016f. A dokonce m\u016f\u017eeme m\u00edt i paruku z vlas\u016f prav\u00fdch, evropsk\u00fdch, \u010di indick\u00fdch. Ale je samoz\u0159ejm\u00e9, \u017ee i vlasy um\u011bl\u00e9 jsou k dispozici. A je tedy jenom na v\u00e1s, jak\u00e9 vlasy si objedn\u00e1te t\u0159eba podle fotogalerie. A a\u017e takovou paruku budete m\u00edt, bude v\u00e1m t\u0159eba l\u00e9pe ne\u017e bez n\u00ed. Proto\u017ee ne ka\u017ed\u00e9ho bav\u00ed vtipkov\u00e1n\u00ed o tom, \u017ee se \u010de\u0161e na Ferdu Mravence, \u017ee mu vst\u00e1vaj\u00ed hr\u016fzou oba vlasy na hlav\u011b a podobn\u011b.                                                                                                                                                                                                                                                                                                                                                                                                  "},{"@context":"https:\/\/schema.org\/","@type":"BreadcrumbList","itemListElement":[{"@type":"ListItem","position":1,"name":"Sh\u00e1n\u00edte paruku?","item":"https:\/\/www.ywca.cz\/shanite-paruku\/#breadcrumbitem"}]}]