[{"@context":"https:\/\/schema.org\/","@type":"Article","@id":"https:\/\/www.ywca.cz\/pondelni-rano\/#Article","mainEntityOfPage":"https:\/\/www.ywca.cz\/pondelni-rano\/","headline":"Pond\u011bln\u00ed r\u00e1no","name":"Pond\u011bln\u00ed r\u00e1no","description":"Vyku\u0159oval p\u0159ed hlavn\u00edm vchodem do firmy a \u010dekal, ne\u017e se objev\u00ed n\u011bkdo, kdo by ho p\u0159inutil zahodit retko do tr\u00e1vy a d\u011blat, \u017ee on vlastn\u011b v\u016fbec nekou\u0159\u00ed. Kdy\u017e byl poprv\u00e9 chycen sv\u00fdm profesorem p\u0159i kou\u0159en\u00ed na zast\u00e1vce autobusu p\u00e1r metr\u016f od gymn\u00e1zia, kdy\u017e byl ve druh\u00e9m ro\u010dn\u00edku, pod\u00edval se profesorovi do o\u010d\u00ed a zcela v\u00e1\u017en\u011b...<p class=\"more-link-wrap\"><a href=\"https:\/\/www.ywca.cz\/pondelni-rano\/\" class=\"more-link\">P\u0159e\u010d\u00edst<span class=\"screen-reader-text\"> &ldquo;Pond\u011bln\u00ed r\u00e1no&rdquo;<\/span> &raquo;<\/a><\/p>","datePublished":"2024-12-09","dateModified":"2024-12-09","author":{"@type":"Person","@id":"https:\/\/www.ywca.cz\/author\/#Person","name":"","url":"https:\/\/www.ywca.cz\/author\/","identifier":1,"image":{"@type":"ImageObject","@id":"https:\/\/secure.gravatar.com\/avatar\/774cfd57496a9f02284489749b4229073861faca9d8a66df7d65507a77c5d31f?s=96&d=mm&r=g","url":"https:\/\/secure.gravatar.com\/avatar\/774cfd57496a9f02284489749b4229073861faca9d8a66df7d65507a77c5d31f?s=96&d=mm&r=g","height":96,"width":96}},"publisher":{"@type":"Organization","name":"ywca.cz","logo":{"@type":"ImageObject","@id":"\/logo.png","url":"\/logo.png","width":600,"height":60}},"url":"https:\/\/www.ywca.cz\/pondelni-rano\/","wordCount":172,"articleBody":"Vyku\u0159oval p\u0159ed hlavn\u00edm vchodem do firmy a \u010dekal, ne\u017e se objev\u00ed n\u011bkdo, kdo by ho p\u0159inutil zahodit retko do tr\u00e1vy a d\u011blat, \u017ee on vlastn\u011b v\u016fbec nekou\u0159\u00ed. Kdy\u017e byl poprv\u00e9 chycen sv\u00fdm profesorem p\u0159i kou\u0159en\u00ed na zast\u00e1vce autobusu p\u00e1r metr\u016f od gymn\u00e1zia, kdy\u017e byl ve druh\u00e9m ro\u010dn\u00edku, pod\u00edval se profesorovi do o\u010d\u00ed a zcela v\u00e1\u017en\u011b mu ozn\u00e1mil, \u017ee on nekou\u0159\u00ed; on relaxuje. Denn\u00ed d\u00e1vka nikotinu Vyslou\u017eil si za to pozn\u00e1mku a snad napomenut\u00ed t\u0159\u00eddn\u00edho u\u010ditele na pololetn\u00ed vysv\u011bd\u010den\u00ed, ale dodne\u0161ka si mysl\u00ed, \u017ee to st\u00e1lo za to. Pozd\u011bji u\u017e kou\u0159en\u00ed nikomu nevadilo, dokonce ani jeho \u0161\u00e9fovi ne, dokud nekou\u0159il v budov\u011b. To mu taky vyhovovalo na postaven\u00ed SEO konzultanta: nikdo tu s n\u00edm nem\u011bl probl\u00e9m. V\u0161echno bylo fajn, copywrite\u0159i a asistentky firmy byly taky p\u0159\u00edjemn\u00e9. M\u011bli mal\u00fd kolektiv. Ale vyhovovalo jim to.                                                                                                                                                                                                                                                                                                                                                                                                "},{"@context":"https:\/\/schema.org\/","@type":"BreadcrumbList","itemListElement":[{"@type":"ListItem","position":1,"name":"Pond\u011bln\u00ed r\u00e1no","item":"https:\/\/www.ywca.cz\/pondelni-rano\/#breadcrumbitem"}]}]