[{"@context":"https:\/\/schema.org\/","@type":"Article","@id":"https:\/\/www.ywca.cz\/osobni-prostor-a-pohodli\/#Article","mainEntityOfPage":"https:\/\/www.ywca.cz\/osobni-prostor-a-pohodli\/","headline":"Osobn\u00ed prostor a pohodl\u00ed","name":"Osobn\u00ed prostor a pohodl\u00ed","description":"M\u00e1 v\u00e1\u0161 pejsek pohodln\u00e9 m\u00edsto na odpo\u010dinek? Tak jako vy, i v\u00e1\u0161 \u010dty\u0159noh\u00fd p\u0159\u00edtel pot\u0159ebuje m\u00edt sv\u016fj prostor pro kvalitn\u00ed sp\u00e1nek. Takov\u00fd ps\u00ed pelech mu p\u0159inese n\u011bkolik v\u00fdhod. V prvn\u00ed \u0159ad\u011b je to izolace. I zv\u00ed\u0159ata si ob\u010das pot\u0159ebuj\u00ed odpo\u010dinout od zimy a studen\u00e9 podlahy. D\u00e1le t\u00edm z\u00edsk\u00e1 osobn\u00ed prostor. Vy tak\u00e9 jist\u011b m\u00e1te sv\u016fj...<p class=\"more-link-wrap\"><a href=\"https:\/\/www.ywca.cz\/osobni-prostor-a-pohodli\/\" class=\"more-link\">P\u0159e\u010d\u00edst<span class=\"screen-reader-text\"> &ldquo;Osobn\u00ed prostor a pohodl\u00ed&rdquo;<\/span> &raquo;<\/a><\/p>","datePublished":"2024-10-17","dateModified":"2024-10-17","author":{"@type":"Person","@id":"https:\/\/www.ywca.cz\/author\/#Person","name":"","url":"https:\/\/www.ywca.cz\/author\/","identifier":1,"image":{"@type":"ImageObject","@id":"https:\/\/secure.gravatar.com\/avatar\/774cfd57496a9f02284489749b4229073861faca9d8a66df7d65507a77c5d31f?s=96&d=mm&r=g","url":"https:\/\/secure.gravatar.com\/avatar\/774cfd57496a9f02284489749b4229073861faca9d8a66df7d65507a77c5d31f?s=96&d=mm&r=g","height":96,"width":96}},"publisher":{"@type":"Organization","name":"ywca.cz","logo":{"@type":"ImageObject","@id":"\/logo.png","url":"\/logo.png","width":600,"height":60}},"url":"https:\/\/www.ywca.cz\/osobni-prostor-a-pohodli\/","wordCount":227,"articleBody":"M\u00e1 v\u00e1\u0161 pejsek pohodln\u00e9 m\u00edsto na odpo\u010dinek? Tak jako vy, i v\u00e1\u0161 \u010dty\u0159noh\u00fd p\u0159\u00edtel pot\u0159ebuje m\u00edt sv\u016fj prostor pro kvalitn\u00ed sp\u00e1nek. Takov\u00fd ps\u00ed pelech mu p\u0159inese n\u011bkolik v\u00fdhod. V prvn\u00ed \u0159ad\u011b je to izolace. I zv\u00ed\u0159ata si ob\u010das pot\u0159ebuj\u00ed odpo\u010dinout od zimy a studen\u00e9 podlahy. D\u00e1le t\u00edm z\u00edsk\u00e1 osobn\u00ed prostor. Vy tak\u00e9 jist\u011b m\u00e1te sv\u016fj pokoj, \u010di kout, kter\u00fd je v\u00e1\u0161 a ve kter\u00e9m se m\u016f\u017eete odreagovat. Pohodl\u00ed a kvalitn\u00ed sp\u00e1nek jsou velmi d\u016fle\u017eit\u00e9. A v\u00fdhodou pro psa i pro v\u00e1s je, \u017ee pelech mu zajist\u00ed m\u00edsto pro l\u00edn\u00e1n\u00ed. Materi\u00e1l zachyt\u00ed spoustu chlup\u016f, kter\u00e9 by se jinak povalovali po cel\u00e9m byt\u011b. Budete tak m\u00edt m\u00e9n\u011b starost\u00ed s \u00faklidem. Pokud tedy chcete sv\u00e9mu pejskovi po\u0159\u00eddit kvalitn\u00ed pel\u00ed\u0161ek, u n\u00e1s si jist\u011b vyberete.Pelechy Red DingoNab\u00edz\u00edme pel\u00ed\u0161ky s okrajem, matrace i podlo\u017eky pro psy od v\u00fdznamn\u00e9ho kanadsk\u00e9ho v\u00fdrobce Red Dingo. Tyto pelechy poskytuj\u00ed perfektn\u00ed izolaci, udr\u017e\u00ed si velice dlouho sv\u016fj p\u016fvodn\u00ed tvar, jsou p\u0159\u00edjemn\u00e9 na dotek a maj\u00ed velmi snadno sn\u00edmateln\u00fd a prateln\u00fd potah. Vyb\u00edrat m\u016f\u017eete z n\u011bkolika rozm\u011br\u016f a mnoha barevn\u00fdch variant.                                                                                                                                                                                                                                                                                                                                                                                                "},{"@context":"https:\/\/schema.org\/","@type":"BreadcrumbList","itemListElement":[{"@type":"ListItem","position":1,"name":"Osobn\u00ed prostor a pohodl\u00ed","item":"https:\/\/www.ywca.cz\/osobni-prostor-a-pohodli\/#breadcrumbitem"}]}]