[{"@context":"https:\/\/schema.org\/","@type":"Article","@id":"https:\/\/www.ywca.cz\/muze-byt-profesionalni-sport-nebezpecny\/#Article","mainEntityOfPage":"https:\/\/www.ywca.cz\/muze-byt-profesionalni-sport-nebezpecny\/","headline":"M\u016f\u017ee b\u00fdt profesion\u00e1ln\u00ed sport nebezpe\u010dn\u00fd?","name":"M\u016f\u017ee b\u00fdt profesion\u00e1ln\u00ed sport nebezpe\u010dn\u00fd?","description":"Pokud se pod\u00edv\u00e1me na statistiky, zjist\u00edme, \u017ee v\u011bt\u0161ina profesion\u00e1ln\u00edch sportovc\u016f kon\u010d\u00ed svou kari\u00e9ru v\u00a0pom\u011brn\u011b mlad\u00e9m v\u011bku, \u010dasto kr\u00e1tce po t\u0159ic\u00edtce. To se m\u016f\u017ee b\u011b\u017en\u00e9mu \u010dlov\u011bku zd\u00e1t zvl\u00e1\u0161tn\u00ed, koneckonc\u016f v\u00a0tu dobu za sebou nem\u00e1me je\u0161t\u011b ani polovinu doby, kterou bychom m\u011bli p\u0159ed odchodem do d\u016fchodu odpracovat. To se t\u00fdk\u00e1 i fyzicky n\u00e1ro\u010dn\u00fdch profes\u00ed. Pro\u010d tedy pr\u00e1v\u011b...<p class=\"more-link-wrap\"><a href=\"https:\/\/www.ywca.cz\/muze-byt-profesionalni-sport-nebezpecny\/\" class=\"more-link\">P\u0159e\u010d\u00edst<span class=\"screen-reader-text\"> &ldquo;M\u016f\u017ee b\u00fdt profesion\u00e1ln\u00ed sport nebezpe\u010dn\u00fd?&rdquo;<\/span> &raquo;<\/a><\/p>","datePublished":"2023-01-31","dateModified":"2023-01-31","author":{"@type":"Person","@id":"https:\/\/www.ywca.cz\/author\/#Person","name":"","url":"https:\/\/www.ywca.cz\/author\/","identifier":1,"image":{"@type":"ImageObject","@id":"https:\/\/secure.gravatar.com\/avatar\/774cfd57496a9f02284489749b4229073861faca9d8a66df7d65507a77c5d31f?s=96&d=mm&r=g","url":"https:\/\/secure.gravatar.com\/avatar\/774cfd57496a9f02284489749b4229073861faca9d8a66df7d65507a77c5d31f?s=96&d=mm&r=g","height":96,"width":96}},"publisher":{"@type":"Organization","name":"ywca.cz","logo":{"@type":"ImageObject","@id":"\/logo.png","url":"\/logo.png","width":600,"height":60}},"image":{"@type":"ImageObject","@id":"https:\/\/www.ywca.cz\/wp-content\/uploads\/sport1_10_10_10_1.jpg","url":"https:\/\/www.ywca.cz\/wp-content\/uploads\/sport1_10_10_10_1.jpg","height":0,"width":0},"url":"https:\/\/www.ywca.cz\/muze-byt-profesionalni-sport-nebezpecny\/","about":["Sport"],"wordCount":434,"articleBody":"Pokud se pod\u00edv\u00e1me na statistiky, zjist\u00edme, \u017ee v\u011bt\u0161ina profesion\u00e1ln\u00edch sportovc\u016f kon\u010d\u00ed svou kari\u00e9ru v\u00a0pom\u011brn\u011b mlad\u00e9m v\u011bku, \u010dasto kr\u00e1tce po t\u0159ic\u00edtce. To se m\u016f\u017ee b\u011b\u017en\u00e9mu \u010dlov\u011bku zd\u00e1t zvl\u00e1\u0161tn\u00ed, koneckonc\u016f v\u00a0tu dobu za sebou nem\u00e1me je\u0161t\u011b ani polovinu doby, kterou bychom m\u011bli p\u0159ed odchodem do d\u016fchodu odpracovat. To se t\u00fdk\u00e1 i fyzicky n\u00e1ro\u010dn\u00fdch profes\u00ed. Pro\u010d tedy pr\u00e1v\u011b sportovci kon\u010d\u00ed tak brzy?\u00a0Hlavn\u00edm d\u016fvodem je, \u017ee pr\u00e1v\u011b okolo t\u0159ic\u00e1t\u00e9ho roku \u017eivota se za\u010dnou projevovat prvn\u00ed degenerativn\u00ed zm\u011bny spojen\u00e9 se st\u00e1\u0159\u00edm. A vzhledem k\u00a0tomu, \u017ee sportovec \u010dasto prim\u00e1rn\u011b zat\u011b\u017euje jednu svalovou skupinu, je jasn\u00e9, \u017ee pr\u00e1v\u011b zde se to projev\u00ed nejd\u0159\u00edve.\u00a0\u00a0To samoz\u0159ejm\u011b vede k\u00a0poklesu v\u00fdkonnosti. Av\u0161ak zat\u00edmco u d\u011bln\u00edka je tato zm\u011bna prakticky nepozorovateln\u00e1, zvl\u00e1\u0161t\u011b vzhledem k\u00a0tomu, \u017ee ji vyva\u017euje lep\u0161\u00ed technikou a zku\u0161enostmi, u sportu je tomu jinak. Zde soupe\u0159\u00edme s\u00a0ostatn\u00edmi, a na prvn\u00edch p\u0159\u00ed\u010dk\u00e1ch je velmi t\u011bsno. I sn\u00ed\u017een\u00ed v\u00fdkonu o jedno procento n\u00e1s tak m\u016f\u017ee snadno st\u00e1t na z\u00e1vod\u011b v\u00fdhru.\u00a0Je pak jasn\u00e9, \u017ee o n\u011bkoho takov\u00e9ho nebudou m\u00edt t\u00fdmy ani sponzo\u0159i p\u0159\u00edli\u0161 velk\u00fd z\u00e1jem. Nezbude tedy, ne\u017e se sportov\u00e1n\u00edm skon\u010dit. A to ani nen\u00ed \u0159e\u010d o tom, \u017ee dal\u0161\u00ed sportov\u00e1n\u00ed bude tyto zm\u011bny, a tedy i sn\u00ed\u017een\u00ed v\u00fdkonu, jen podporovat. V\u00fdsledkem bude neust\u00e1l\u00e9 kles\u00e1n\u00ed na v\u00fdsledkov\u00fdch listin\u00e1ch, p\u0159i\u010dem\u017e tento propad nep\u016fjde jen tak zastavit.\u00a0\u00a0Bohu\u017eel s\u00a0t\u00edm p\u0159\u00edli\u0161 mnoho d\u011blat nelze. Jedn\u00e1 se o fyziologick\u00e9 z\u00e1konitosti, kter\u00e9 zkr\u00e1tka neoblafneme. Jist\u011b, spr\u00e1vn\u00fdm tr\u00e9ninkem, stravou a dopl\u0148ky lze tento proces zpomalit a prodlou\u017eit tak kari\u00e9ru o p\u00e1r sez\u00f3n, av\u0161ak zat\u00edm nic v\u00edc nedok\u00e1\u017eeme.\u00a0I proto, jakkoliv zn\u00ed profesion\u00e1ln\u00ed sport l\u00e1kav\u011b, nen\u00ed pro ka\u017ed\u00e9ho. Je po\u010d\u00edtat s\u00a0t\u00edm, \u017ee bude nutn\u00e9 si naj\u00edt po skon\u010den\u00ed kari\u00e9ry norm\u00e1ln\u00ed zam\u011bstn\u00e1n\u00ed. To v\u0161ak m\u016f\u017ee b\u00fdt probl\u00e9m, nebo\u0165 onen \u010dlov\u011bk \u010dasto nem\u00e1 \u017e\u00e1dn\u00e9 vy\u0161\u0161\u00ed vzd\u011bl\u00e1n\u00ed, nebo\u0165 tr\u00e1vil ve\u0161ker\u00fd \u010das tr\u00e9ninkem, a ani praxi. A to je i d\u016fvod, pro\u010d mnoho t\u011bchto lid\u00ed zchudne.                                                                                                                                                                                                                                                                                                                                                                                                "},{"@context":"https:\/\/schema.org\/","@type":"BreadcrumbList","itemListElement":[{"@type":"ListItem","position":1,"name":"M\u016f\u017ee b\u00fdt profesion\u00e1ln\u00ed sport nebezpe\u010dn\u00fd?","item":"https:\/\/www.ywca.cz\/muze-byt-profesionalni-sport-nebezpecny\/#breadcrumbitem"}]}]