{"@context":"https:\/\/schema.org\/","@type":"CollectionPage","@id":"https:\/\/www.ywca.cz\/lifestyle\/#CollectionPage","headline":"Lifestyle Category","description":"","url":"https:\/\/www.ywca.cz\/lifestyle\/","hasPart":[{"@type":"Article","@id":"https:\/\/www.ywca.cz\/veganska-strava-zdravotni-a-ekologicke-benefity\/","headline":"Vegansk\u00e1 strava &#8211; zdravotn\u00ed a ekologick\u00e9 benefity","url":"https:\/\/www.ywca.cz\/veganska-strava-zdravotni-a-ekologicke-benefity\/","datePublished":"2024-02-25","dateModified":"2024-02-25","mainEntityOfPage":"https:\/\/www.ywca.cz\/veganska-strava-zdravotni-a-ekologicke-benefity\/","author":{"@type":"Person","@id":"https:\/\/www.ywca.cz\/author\/#Person","name":"","url":"https:\/\/www.ywca.cz\/author\/","identifier":1,"image":{"@type":"ImageObject","@id":"https:\/\/secure.gravatar.com\/avatar\/774cfd57496a9f02284489749b4229073861faca9d8a66df7d65507a77c5d31f?s=96&d=mm&r=g","url":"https:\/\/secure.gravatar.com\/avatar\/774cfd57496a9f02284489749b4229073861faca9d8a66df7d65507a77c5d31f?s=96&d=mm&r=g","height":96,"width":96}},"publisher":{"@type":"Organization","name":"ywca.cz","logo":{"@type":"ImageObject","@id":"\/logo.png","url":"\/logo.png","width":600,"height":60}},"image":{"@type":"ImageObject","@id":"https:\/\/www.ywca.cz\/wp-content\/uploads\/sonny-mauricio-yhc4pSbl01A-unsplash.jpg","url":"https:\/\/www.ywca.cz\/wp-content\/uploads\/sonny-mauricio-yhc4pSbl01A-unsplash.jpg","height":0,"width":0},"keywords":null},{"@type":"Article","@id":"https:\/\/www.ywca.cz\/proc-je-chyba-prospesna\/","headline":"Pro\u010d je chyba prosp\u011b\u0161n\u00e1?","url":"https:\/\/www.ywca.cz\/proc-je-chyba-prospesna\/","datePublished":"2023-09-28","dateModified":"2023-09-28","mainEntityOfPage":"https:\/\/www.ywca.cz\/proc-je-chyba-prospesna\/","author":{"@type":"Person","@id":"https:\/\/www.ywca.cz\/author\/#Person","name":"","url":"https:\/\/www.ywca.cz\/author\/","identifier":1,"image":{"@type":"ImageObject","@id":"https:\/\/secure.gravatar.com\/avatar\/774cfd57496a9f02284489749b4229073861faca9d8a66df7d65507a77c5d31f?s=96&d=mm&r=g","url":"https:\/\/secure.gravatar.com\/avatar\/774cfd57496a9f02284489749b4229073861faca9d8a66df7d65507a77c5d31f?s=96&d=mm&r=g","height":96,"width":96}},"publisher":{"@type":"Organization","name":"ywca.cz","logo":{"@type":"ImageObject","@id":"\/logo.png","url":"\/logo.png","width":600,"height":60}},"image":{"@type":"ImageObject","@id":"https:\/\/www.ywca.cz\/wp-content\/uploads\/ssssssssssssssssssss_6.jpg","url":"https:\/\/www.ywca.cz\/wp-content\/uploads\/ssssssssssssssssssss_6.jpg","height":0,"width":0},"keywords":null},{"@type":"Article","@id":"https:\/\/www.ywca.cz\/jak-pusobi-soucasny-zivotni-styl-na-nasi-psychiku\/","headline":"Jak p\u016fsob\u00ed sou\u010dasn\u00fd \u017eivotn\u00ed styl na na\u0161i psychiku","url":"https:\/\/www.ywca.cz\/jak-pusobi-soucasny-zivotni-styl-na-nasi-psychiku\/","datePublished":"2023-02-09","dateModified":"2023-02-09","mainEntityOfPage":"https:\/\/www.ywca.cz\/jak-pusobi-soucasny-zivotni-styl-na-nasi-psychiku\/","author":{"@type":"Person","@id":"https:\/\/www.ywca.cz\/author\/#Person","name":"","url":"https:\/\/www.ywca.cz\/author\/","identifier":1,"image":{"@type":"ImageObject","@id":"https:\/\/secure.gravatar.com\/avatar\/774cfd57496a9f02284489749b4229073861faca9d8a66df7d65507a77c5d31f?s=96&d=mm&r=g","url":"https:\/\/secure.gravatar.com\/avatar\/774cfd57496a9f02284489749b4229073861faca9d8a66df7d65507a77c5d31f?s=96&d=mm&r=g","height":96,"width":96}},"publisher":{"@type":"Organization","name":"ywca.cz","logo":{"@type":"ImageObject","@id":"\/logo.png","url":"\/logo.png","width":600,"height":60}},"image":{"@type":"ImageObject","@id":"https:\/\/www.ywca.cz\/wp-content\/uploads\/notebook2_3.jpg","url":"https:\/\/www.ywca.cz\/wp-content\/uploads\/notebook2_3.jpg","height":0,"width":0},"keywords":null},{"@type":"Article","@id":"https:\/\/www.ywca.cz\/vanocni-vecere-napric-svetem\/","headline":"V\u00e1no\u010dn\u00ed ve\u010de\u0159e nap\u0159\u00ed\u010d sv\u011btem","url":"https:\/\/www.ywca.cz\/vanocni-vecere-napric-svetem\/","datePublished":"2022-11-27","dateModified":"2022-11-27","mainEntityOfPage":"https:\/\/www.ywca.cz\/vanocni-vecere-napric-svetem\/","author":{"@type":"Person","@id":"https:\/\/www.ywca.cz\/author\/#Person","name":"","url":"https:\/\/www.ywca.cz\/author\/","identifier":1,"image":{"@type":"ImageObject","@id":"https:\/\/secure.gravatar.com\/avatar\/774cfd57496a9f02284489749b4229073861faca9d8a66df7d65507a77c5d31f?s=96&d=mm&r=g","url":"https:\/\/secure.gravatar.com\/avatar\/774cfd57496a9f02284489749b4229073861faca9d8a66df7d65507a77c5d31f?s=96&d=mm&r=g","height":96,"width":96}},"publisher":{"@type":"Organization","name":"ywca.cz","logo":{"@type":"ImageObject","@id":"\/logo.png","url":"\/logo.png","width":600,"height":60}},"image":{"@type":"ImageObject","@id":"https:\/\/www.ywca.cz\/wp-content\/uploads\/chad-madden-SUTfFCAHV_A-unsplash.jpg","url":"https:\/\/www.ywca.cz\/wp-content\/uploads\/chad-madden-SUTfFCAHV_A-unsplash.jpg","height":0,"width":0},"keywords":null}]}