[{"@context":"https:\/\/schema.org\/","@type":"Article","@id":"https:\/\/www.ywca.cz\/konecne-nove-auto\/#Article","mainEntityOfPage":"https:\/\/www.ywca.cz\/konecne-nove-auto\/","headline":"Kone\u010dn\u011b nov\u00e9 auto","name":"Kone\u010dn\u011b nov\u00e9 auto","description":"Auto je n\u011bco, co v dne\u0161n\u00ed dob\u011b \u010dlov\u011bk pot\u0159ebuje t\u00e9m\u011b\u0159 ka\u017ed\u00fd den. J\u00e1 si vzpom\u00edn\u00e1m, \u017ee kdy\u017e jsem je\u0161t\u011b byla teenager a\u00a0byla jsem je\u0161t\u011b jako \u0161estn\u00e1ctilet\u00e1\u00a0holka, tak jsem si nemohla ud\u011blat \u0159idi\u010dsk\u00e9 opr\u00e1vn\u011bn\u00ed. A to m\u011b pr\u00e1v\u011b opravdu hodn\u011b mrzelo a vadilo m\u011b to. V\u00e1\u017en\u011b m\u011b \u0161tvalo, \u017ee nem\u016f\u017eu tak\u00e9 \u0159\u00eddit automobil. Proto jsem \u0159ekla...<p class=\"more-link-wrap\"><a href=\"https:\/\/www.ywca.cz\/konecne-nove-auto\/\" class=\"more-link\">P\u0159e\u010d\u00edst<span class=\"screen-reader-text\"> &ldquo;Kone\u010dn\u011b nov\u00e9 auto&rdquo;<\/span> &raquo;<\/a><\/p>","datePublished":"2023-11-17","dateModified":"2023-11-17","author":{"@type":"Person","@id":"https:\/\/www.ywca.cz\/author\/#Person","name":"","url":"https:\/\/www.ywca.cz\/author\/","identifier":1,"image":{"@type":"ImageObject","@id":"https:\/\/secure.gravatar.com\/avatar\/774cfd57496a9f02284489749b4229073861faca9d8a66df7d65507a77c5d31f?s=96&d=mm&r=g","url":"https:\/\/secure.gravatar.com\/avatar\/774cfd57496a9f02284489749b4229073861faca9d8a66df7d65507a77c5d31f?s=96&d=mm&r=g","height":96,"width":96}},"publisher":{"@type":"Organization","name":"ywca.cz","logo":{"@type":"ImageObject","@id":"\/logo.png","url":"\/logo.png","width":600,"height":60}},"image":{"@type":"ImageObject","@id":"https:\/\/www.ywca.cz\/wp-content\/uploads\/lotus-5407670_1280_1.jpg","url":"https:\/\/www.ywca.cz\/wp-content\/uploads\/lotus-5407670_1280_1.jpg","height":0,"width":0},"url":"https:\/\/www.ywca.cz\/konecne-nove-auto\/","about":["Auto"],"wordCount":476,"articleBody":"Auto je n\u011bco, co v dne\u0161n\u00ed dob\u011b \u010dlov\u011bk pot\u0159ebuje t\u00e9m\u011b\u0159 ka\u017ed\u00fd den. J\u00e1 si vzpom\u00edn\u00e1m, \u017ee kdy\u017e jsem je\u0161t\u011b byla teenager a\u00a0byla jsem je\u0161t\u011b jako \u0161estn\u00e1ctilet\u00e1\u00a0holka, tak jsem si nemohla ud\u011blat \u0159idi\u010dsk\u00e9 opr\u00e1vn\u011bn\u00ed. A to m\u011b pr\u00e1v\u011b opravdu hodn\u011b mrzelo a vadilo m\u011b to. V\u00e1\u017en\u011b m\u011b \u0161tvalo, \u017ee nem\u016f\u017eu tak\u00e9 \u0159\u00eddit automobil. Proto jsem \u0159ekla rodi\u010d\u016fm, a\u0165 mi t\u0159eba na narozeniny a na V\u00e1noce nic nekupuj\u00ed, \u017ee bych si\u00a0potom p\u0159\u00e1la, abych po osmn\u00e1ct\u00fdch\u00a0narozenin\u00e1ch dostala pen\u00edze, abych si mohla ud\u011blat \u0159idi\u010dsk\u00e9 opr\u00e1vn\u011bn\u00ed. A rodi\u010de a prarodi\u010de m\u011b na\u0161t\u011bst\u00ed vyslechli. A potom, kdy\u017e jsem m\u011bla po sv\u00fdch narozenin\u00e1ch, po narozenin\u00e1ch\u00a0dosp\u011blosti, tak jsem dostala pen\u00edze a m\u011bla jsem v\u0161echny pen\u00edze kompletn\u00ed na \u0159idi\u010dsk\u00e9 opr\u00e1vn\u011bn\u00ed. Mo\u017en\u00e1 se div\u00edte a pt\u00e1te se, kde zase jsem vzala automobil. Ten u\u017e jsem m\u011bla po d\u011bde\u010dkovi. D\u011bde\u010dek m\u011bl asi osm\u00a0let star\u00e9 auto. A\u00a0proto\u017ee u\u017e moc nejezdil, proto\u017ee \u0161patn\u011b vid\u011bl, tak \u0159ekl, \u017ee ne\u017e aby auto prod\u00e1val, \u017ee mi ho d\u00e1. A \u017ee pr\u00fd si\u00a0s t\u00edmto automobilem mohu\u00a0ud\u011blat \u00fapln\u011b co chci, pr\u00fd jestli si ho prod\u00e1m a koup\u00edm jin\u00e9\u00a0nebo jestli si ho nech\u00e1m na vyje\u017ed\u011bn\u00ed a tak podobn\u011b. \u017de je mu to \u00fapln\u011b jedno. A tohle je pr\u00e1v\u011b to, co jsem pot\u0159ebovala sly\u0161et. D\u011bde\u010dkovo auto u\u017e jsem m\u011bla asi dva\u00a0roky, potom u\u017e tak n\u011bjak vypadalo divn\u011b. U\u017e se mi nel\u00edbilo. Potom\u00a0jsem asi za\u010dala b\u00fdt u\u017e n\u00e1ro\u010dn\u00e1 na auta. A jeliko\u017e jsem u\u017e chodila do pr\u00e1ce a m\u011bla jsem na\u0161et\u0159en\u00e9 pen\u00edze, tak jsem si \u0159ekla, \u017ee si vezmu n\u011bjak\u00e9 lep\u0161\u00ed auto na leasing. Vzala jsem si auto t\u00e9m\u011b\u0159 za dv\u011b st\u011b tis\u00edc\u00a0korun. Kdy\u017e se tohle rodi\u010de dozv\u011bd\u011bli, tak se chytali za hlavu a \u0159\u00edkali, \u017ee jsem bl\u00e1zen, pr\u00fd takhle drah\u00e9 auto v \u017eivot\u011b nevid\u011bli a \u017ee nech\u00e1pou, \u017ee mi tohle v\u016fbec n\u011bkdo mohl d\u00e1t, \u017ee kdo by mi mohl n\u011bkdo poskytnout p\u016fj\u010dku anebo leasing. Ani se v tom nevyznaj\u00ed. V\u016fbec nev\u011bd\u011bli, co je to leasing. J\u00e1 ale toho nelituji. Kr\u00e1sn\u00e9 auto m\u00e1m u\u017e p\u016fl roku a v\u016fbec toho nelituji. Jsem r\u00e1da, \u017ee jsem tohle ud\u011blala a kdyby se mi tohle m\u011blo st\u00e1t podruh\u00e9, tak bych do toho \u0161la zase. Nov\u00e9 auto se mi opravdu hodn\u011b l\u00edb\u00ed. Jsem jednodu\u0161e asi maniak na auta.                                                                                                                                                                                                                                                                                                                                                                                                "},{"@context":"https:\/\/schema.org\/","@type":"BreadcrumbList","itemListElement":[{"@type":"ListItem","position":1,"name":"Kone\u010dn\u011b nov\u00e9 auto","item":"https:\/\/www.ywca.cz\/konecne-nove-auto\/#breadcrumbitem"}]}]